{"id":2052,"date":"2022-10-03T15:32:22","date_gmt":"2022-10-03T13:32:22","guid":{"rendered":"https:\/\/spezialistenserver.de\/jh2019\/?p=2052"},"modified":"2026-04-04T10:08:29","modified_gmt":"2026-04-04T08:08:29","slug":"berlin-brandenburg-gate-time-lapse-discs","status":"publish","type":"post","link":"https:\/\/julianhecker.com\/en\/berlin-brandenburger-tor-zeitscheiben-zeitraffer\/","title":{"rendered":"Time disc time lapse"},"content":{"rendered":"<div class=\"wpb-content-wrapper\"><p data-start=\"137\" data-end=\"364\">Dieses Video zeigt einen sogenannten Holy-Grail-Timelapse, in der sich der \u00dcbergang von Tag zu Nacht in einer einzigen Sequenz verdichtet. Licht, Farben und Atmosph\u00e4re ver\u00e4ndern sich kontinuierlich und machen den zeitlichen Wandel sichtbar.<\/p>\n<p data-start=\"366\" data-end=\"672\">Durch die \u00dcberlagerung unterschiedlicher Zuschnitte entstehen Ebenen verschiedener Tageszeiten innerhalb desselben Motivs. So begegnen sich Lichtstimmungen, die normalerweise Stunden voneinander trennen, gleichzeitig im Bild. Vergangenheit und Gegenwart, Tag und Nacht liegen f\u00fcr einen Moment \u00fcbereinander.<\/p>\n<p data-start=\"674\" data-end=\"785\" data-is-last-node=\"\" data-is-only-node=\"\">Die Aufnahme versteht sich als visuelle Beobachtung von Zeit \u2013 nicht als Abfolge, sondern als Gleichzeitigkeit.<\/p>\n<p>[\/vc_column_text]\r\n<div id=\"vc-sep-69ef96ec592bd\" class=\"vc_separator wpb_content_element vc_separator_align_center vc_sep_width_100 vc_sep_pos_align_center vc_separator_no_text vc_sep_color_grey  wpb_content_element\" ><span class=\"vc_sep_holder vc_sep_holder_l\"><span  class=\"vc_sep_line\"><\/span><\/span><span class=\"vc_sep_holder vc_sep_holder_r\"><span  class=\"vc_sep_line\"><\/span><\/span>\r\n<\/div><div class=\"wpb_content_element \"><style type=\"text\/css\">#ut_sc_69ef96ec592ef .ut-service-icon.ut-service-icon-round { background: rgba(255, 200, 20, 1); }#ut_sc_69ef96ec592ef .ut-service-icon.ut-service-icon-square { background: rgba(255, 200, 20, 1); }#ut_sc_69ef96ec592ef .ut-service-icon.ut-service-icon-rounded { background: rgba(255, 200, 20, 1); }#ut_sc_69ef96ec592ef .ut-service-column.ut-service-column-horiz h3 { font-size:18px !important;letter-spacing:-0.03em; }#ut_sc_69ef96ec592ef .ut-service-column.ut-service-column-horiz p { font-size:17px !important;line-height:28px !important; }#ut_sc_69ef96ec592ef .ut-service-column a.ut-service-column-link { font-size: 12px; }#ut-svg-69ef96ec592f1 { display:none; }#ut-svg-69ef96ec592f1.ut-svg-loaded { display:block; }#ut-svg-69ef96ec592f1 path { stroke:#FFF; }<\/style><div id=\"ut_sc_69ef96ec592ef\"  class=\"ut-horizontal-style ut-horizontal-style-align-left  clearfix \" ><div class=\"ut-service-column ut-service-column-horiz\"><h3 data-responsive-font=\"h3\" data-responsive-font-settings=\"{&quot;base-font-size&quot;:&quot;global&quot;,&quot;font-size&quot;:{&quot;desktop_large&quot;:&quot;18&quot;},&quot;base-line-height&quot;:&quot;global&quot;,&quot;base-letter-spacing&quot;:&quot;global&quot;,&quot;letter-spacing&quot;:{&quot;desktop_large&quot;:&quot;-0.03&quot;}}\">Ausr\u00fcstung<\/h3><p class=\"element-with-custom-line-height\" data-responsive-font=\"p\" data-responsive-font-settings=\"{&quot;base-font-size&quot;:&quot;global&quot;,&quot;font-size&quot;:{&quot;desktop_large&quot;:&quot;17&quot;},&quot;base-line-height&quot;:&quot;global&quot;,&quot;line-height&quot;:{&quot;desktop_large&quot;:&quot;28&quot;},&quot;base-letter-spacing&quot;:&quot;global&quot;}\">Kamera: Nikon Z6 II<br \/>\nObjektiv: Nikkor Z 24-70mm f\/2.8<\/p><\/div><\/div><\/div><div class=\"wpb_content_element \"><style type=\"text\/css\">#ut_sc_69ef96ec5b5f3 .ut-service-icon.ut-service-icon-round { background: rgba(255, 200, 20, 1); }#ut_sc_69ef96ec5b5f3 .ut-service-icon.ut-service-icon-square { background: rgba(255, 200, 20, 1); }#ut_sc_69ef96ec5b5f3 .ut-service-icon.ut-service-icon-rounded { background: rgba(255, 200, 20, 1); }#ut_sc_69ef96ec5b5f3 .ut-service-column.ut-service-column-horiz h3 { font-size:18px !important;letter-spacing:-0.03em; }#ut_sc_69ef96ec5b5f3 .ut-service-column.ut-service-column-horiz p { font-size:17px !important;line-height:28px !important; }#ut_sc_69ef96ec5b5f3 .ut-service-column a.ut-service-column-link { font-size: 12px; }#ut-svg-69ef96ec5b5f5 { display:none; }#ut-svg-69ef96ec5b5f5.ut-svg-loaded { display:block; }#ut-svg-69ef96ec5b5f5 path { stroke:#FFF; }<\/style><div id=\"ut_sc_69ef96ec5b5f3\"  class=\"ut-horizontal-style ut-horizontal-style-align-left  clearfix \" ><div class=\"ut-service-column ut-service-column-horiz\"><h3 data-responsive-font=\"h3\" data-responsive-font-settings=\"{&quot;base-font-size&quot;:&quot;global&quot;,&quot;font-size&quot;:{&quot;desktop_large&quot;:&quot;18&quot;},&quot;base-line-height&quot;:&quot;global&quot;,&quot;base-letter-spacing&quot;:&quot;global&quot;,&quot;letter-spacing&quot;:{&quot;desktop_large&quot;:&quot;-0.03&quot;}}\">Bearbeitung<\/h3><p class=\"element-with-custom-line-height\" data-responsive-font=\"p\" data-responsive-font-settings=\"{&quot;base-font-size&quot;:&quot;global&quot;,&quot;font-size&quot;:{&quot;desktop_large&quot;:&quot;17&quot;},&quot;base-line-height&quot;:&quot;global&quot;,&quot;line-height&quot;:{&quot;desktop_large&quot;:&quot;28&quot;},&quot;base-letter-spacing&quot;:&quot;global&quot;}\">Fotobearbeitung: Adobe Lightoom (Classic)<br \/>\nZeitraffer: Lr Timelapse<br \/>\nVideobearbeitung: Adobe Premiere<\/p><\/div><\/div><\/div><div class=\"wpb_content_element \"><style type=\"text\/css\">#ut_sc_69ef96ec5b638 .ut-service-icon.ut-service-icon-round { background: rgba(255, 200, 20, 1); }#ut_sc_69ef96ec5b638 .ut-service-icon.ut-service-icon-square { background: rgba(255, 200, 20, 1); }#ut_sc_69ef96ec5b638 .ut-service-icon.ut-service-icon-rounded { background: rgba(255, 200, 20, 1); }#ut_sc_69ef96ec5b638 .ut-service-column.ut-service-column-horiz h3 { font-size:18px !important;letter-spacing:-0.03em; }#ut_sc_69ef96ec5b638 .ut-service-column.ut-service-column-horiz p { font-size:17px !important;line-height:28px !important; }#ut_sc_69ef96ec5b638 .ut-service-column a.ut-service-column-link { font-size: 12px; }#ut-svg-69ef96ec5b639 { display:none; }#ut-svg-69ef96ec5b639.ut-svg-loaded { display:block; }#ut-svg-69ef96ec5b639 path { stroke:#FFF; }<\/style><div id=\"ut_sc_69ef96ec5b638\"  class=\"ut-horizontal-style ut-horizontal-style-align-left  clearfix \" ><div class=\"ut-service-column ut-service-column-horiz\"><h3 data-responsive-font=\"h3\" data-responsive-font-settings=\"{&quot;base-font-size&quot;:&quot;global&quot;,&quot;font-size&quot;:{&quot;desktop_large&quot;:&quot;18&quot;},&quot;base-line-height&quot;:&quot;global&quot;,&quot;base-letter-spacing&quot;:&quot;global&quot;,&quot;letter-spacing&quot;:{&quot;desktop_large&quot;:&quot;-0.03&quot;}}\">Soundtrack<\/h3><p class=\"element-with-custom-line-height\" data-responsive-font=\"p\" data-responsive-font-settings=\"{&quot;base-font-size&quot;:&quot;global&quot;,&quot;font-size&quot;:{&quot;desktop_large&quot;:&quot;17&quot;},&quot;base-line-height&quot;:&quot;global&quot;,&quot;line-height&quot;:{&quot;desktop_large&quot;:&quot;28&quot;},&quot;base-letter-spacing&quot;:&quot;global&quot;}\">\u201cHigh Low\u201d (c) von Julian Hecker vom Album \u201cImpressions\u201d (2021)<\/p>\n<div class=\"cmplz-placeholder-parent\"><iframe loading=\"lazy\" class=\"cmplz-placeholder-element cmplz-iframe cmplz-iframe-styles cmplz-no-video \" style=\"border-radius: 12px;\" src=\"about:blank\" width=\"100%\" height=\"152\" frameborder=\"0\" allowfullscreen=\"allowfullscreen\" data-placeholder-image=\"https:\/\/spezialistenserver.de\/jh2019\/wp-content\/plugins\/complianz-gdpr\/assets\/images\/placeholders\/spotify-minimal.jpg\" data-category=\"marketing\" data-service=\"spotify\" data-cmplz-target=\"src\" data-src-cmplz=\"https:\/\/open.spotify.com\/embed\/track\/5fFj66UMh7kqf2R8qqZW4O?utm_source=generator&amp;theme=0\"><\/iframe><\/div><\/div><\/div><\/div>[\/vc_column][\/vc_row]<\/p>\n<\/div>","protected":false},"excerpt":{"rendered":"<p>Dieses Video zeigt einen sogenannten Holy-Grail-Timelapse, in der sich der \u00dcbergang von Tag zu Nacht in einer einzigen Sequenz verdichtet. Licht, Farben und Atmosph\u00e4re ver\u00e4ndern sich kontinuierlich und machen den zeitlichen Wandel sichtbar. Durch die \u00dcberlagerung unterschiedlicher Zuschnitte entstehen Ebenen verschiedener Tageszeiten innerhalb desselben Motivs. So begegnen sich Lichtstimmungen, die normalerweise Stunden voneinander trennen, gleichzeitig [&hellip;]<\/p>\n","protected":false},"author":2,"featured_media":0,"comment_status":"closed","ping_status":"open","sticky":false,"template":"","format":"video","meta":{"footnotes":""},"categories":[77],"tags":[],"class_list":["post-2052","post","type-post","status-publish","format-video","hentry","category-fotografie","post_format-post-format-video"],"_links":{"self":[{"href":"https:\/\/julianhecker.com\/en\/wp-json\/wp\/v2\/posts\/2052","targetHints":{"allow":["GET"]}}],"collection":[{"href":"https:\/\/julianhecker.com\/en\/wp-json\/wp\/v2\/posts"}],"about":[{"href":"https:\/\/julianhecker.com\/en\/wp-json\/wp\/v2\/types\/post"}],"author":[{"embeddable":true,"href":"https:\/\/julianhecker.com\/en\/wp-json\/wp\/v2\/users\/2"}],"replies":[{"embeddable":true,"href":"https:\/\/julianhecker.com\/en\/wp-json\/wp\/v2\/comments?post=2052"}],"version-history":[{"count":1,"href":"https:\/\/julianhecker.com\/en\/wp-json\/wp\/v2\/posts\/2052\/revisions"}],"predecessor-version":[{"id":2652,"href":"https:\/\/julianhecker.com\/en\/wp-json\/wp\/v2\/posts\/2052\/revisions\/2652"}],"wp:attachment":[{"href":"https:\/\/julianhecker.com\/en\/wp-json\/wp\/v2\/media?parent=2052"}],"wp:term":[{"taxonomy":"category","embeddable":true,"href":"https:\/\/julianhecker.com\/en\/wp-json\/wp\/v2\/categories?post=2052"},{"taxonomy":"post_tag","embeddable":true,"href":"https:\/\/julianhecker.com\/en\/wp-json\/wp\/v2\/tags?post=2052"}],"curies":[{"name":"wp","href":"https:\/\/api.w.org\/{rel}","templated":true}]}}